{"id":3782,"date":"2020-09-03T21:24:41","date_gmt":"2020-09-03T19:24:41","guid":{"rendered":"https:\/\/www.ffw-heubach.de\/?p=3782"},"modified":"2020-09-03T21:24:42","modified_gmt":"2020-09-03T19:24:42","slug":"wiederaufnahme-des-dienstbetriebes-der-abteilung-jugendfeuerwehr","status":"publish","type":"post","link":"https:\/\/www.ffw-heubach.de\/?p=3782","title":{"rendered":"Wiederaufnahme des Dienstbetriebes der Abteilung Jugendfeuerwehr"},"content":{"rendered":"\n<p>Seit M\u00e4rz k\u00f6nnen wir leider keinen regul\u00e4ren Jugendfeuerwehrdienst mehr anbieten und das ist f\u00fcr uns alle \u00e4u\u00dferst schwierig. Nicht nur unsere \u00dcbungen, viele andere Aktionen wie unser Berufsfeuerwehrwochenende und die Flash-Over-Party sind der Pandemie zum Opfer gefallen.<\/p>\n\n\n\n<p>Bald geht es nun \u2013 unter gegebenen Hygienestandards \u2013 endlich wieder los. Ab dem 28. September d\u00fcrfen wir uns wiedersehen und unserer gemeinsamen Leidenschaft Feuerwehr nachgehen. <\/p>\n\n\n\n<p>Weiterf\u00fchrende Informationen mit einem detaillierten Ma\u00dfnahmen- und Hygienekonzept haben die Jugendlichen per Post erhalten. F\u00fcr R\u00fcckfragen steht <a href=\"https:\/\/www.ffw-heubach.de\/?page_id=1540\" data-type=\"page\" data-id=\"1540\">Jugendwart Hannes Frey<\/a> mit Rat und Tat zur Seite. <\/p>\n","protected":false},"excerpt":{"rendered":"<p>Seit M\u00e4rz k\u00f6nnen wir leider keinen regul\u00e4ren Jugendfeuerwehrdienst mehr anbieten und das ist f\u00fcr uns alle \u00e4u\u00dferst schwierig. Nicht nur unsere \u00dcbungen, viele andere Aktionen wie unser Berufsfeuerwehrwochenende und die Flash-Over-Party sind der Pandemie zum Opfer gefallen. Bald geht es nun \u2013 unter gegebenen Hygienestandards \u2013 endlich wieder los. Ab dem 28. September d\u00fcrfen wir [&hellip;]<\/p>\n","protected":false},"author":1,"featured_media":0,"comment_status":"closed","ping_status":"closed","sticky":false,"template":"","format":"standard","meta":{"jetpack_post_was_ever_published":false,"_jetpack_newsletter_access":"","_jetpack_dont_email_post_to_subs":false,"_jetpack_newsletter_tier_id":0,"_jetpack_memberships_contains_paywalled_content":false,"_jetpack_memberships_contains_paid_content":false,"footnotes":"","jetpack_publicize_message":"","jetpack_publicize_feature_enabled":true,"jetpack_social_post_already_shared":true,"jetpack_social_options":{"image_generator_settings":{"template":"highway","default_image_id":0,"font":"","enabled":false},"version":2}},"categories":[44],"tags":[],"class_list":["post-3782","post","type-post","status-publish","format-standard","hentry","category-news-jf"],"jetpack_publicize_connections":[],"jetpack_featured_media_url":"","jetpack_sharing_enabled":true,"jetpack_shortlink":"https:\/\/wp.me\/p9MGZH-Z0","_links":{"self":[{"href":"https:\/\/www.ffw-heubach.de\/index.php?rest_route=\/wp\/v2\/posts\/3782","targetHints":{"allow":["GET"]}}],"collection":[{"href":"https:\/\/www.ffw-heubach.de\/index.php?rest_route=\/wp\/v2\/posts"}],"about":[{"href":"https:\/\/www.ffw-heubach.de\/index.php?rest_route=\/wp\/v2\/types\/post"}],"author":[{"embeddable":true,"href":"https:\/\/www.ffw-heubach.de\/index.php?rest_route=\/wp\/v2\/users\/1"}],"replies":[{"embeddable":true,"href":"https:\/\/www.ffw-heubach.de\/index.php?rest_route=%2Fwp%2Fv2%2Fcomments&post=3782"}],"version-history":[{"count":1,"href":"https:\/\/www.ffw-heubach.de\/index.php?rest_route=\/wp\/v2\/posts\/3782\/revisions"}],"predecessor-version":[{"id":3783,"href":"https:\/\/www.ffw-heubach.de\/index.php?rest_route=\/wp\/v2\/posts\/3782\/revisions\/3783"}],"wp:attachment":[{"href":"https:\/\/www.ffw-heubach.de\/index.php?rest_route=%2Fwp%2Fv2%2Fmedia&parent=3782"}],"wp:term":[{"taxonomy":"category","embeddable":true,"href":"https:\/\/www.ffw-heubach.de\/index.php?rest_route=%2Fwp%2Fv2%2Fcategories&post=3782"},{"taxonomy":"post_tag","embeddable":true,"href":"https:\/\/www.ffw-heubach.de\/index.php?rest_route=%2Fwp%2Fv2%2Ftags&post=3782"}],"curies":[{"name":"wp","href":"https:\/\/api.w.org\/{rel}","templated":true}]}}