{"id":2151,"date":"2018-07-23T12:22:20","date_gmt":"2018-07-23T12:22:20","guid":{"rendered":"https:\/\/www.ffw-heubach.de\/?p=2151"},"modified":"2018-07-23T12:35:09","modified_gmt":"2018-07-23T12:35:09","slug":"berufsfeuerwehrwochenende-der-jugendfeuerwehr","status":"publish","type":"post","link":"https:\/\/www.ffw-heubach.de\/?p=2151","title":{"rendered":"&#8222;Berufsfeuerwehrwochenende&#8220; der Jugendfeuerwehr"},"content":{"rendered":"<p><span style=\"color: #999999;\"><em>Jugendfeuerwehr versetzt sich in den Alltag der Berufsretter<\/em><\/span><\/p>\n<p>HEUBACH:\u00a0Am Freitag den 20.07.2018 hie\u00df es f\u00fcr 18 Mitglieder der Jugendfeuerwehr Heubach ,,Dienstbeginn\u201d. Hintergrund war das stattfindende Berufsfeuerwehrwochenende, bei dem unser Nachwuchs ein Wochenende wie bei einer echten Berufsfeuerwehr verbringt.<\/p>\n<p>P\u00fcnktlich um 19:00 standen alle Jugendfeuerwehrleute sowie die Betreuer im Ger\u00e4tehaus bereit. Nach der Einteilung auf die beiden L\u00f6schgruppen bezogen die kleinen als auch die gro\u00dfen Einsatzkr\u00e4fte ihre Quartiere f\u00fcr die n\u00e4chsten N\u00e4chte.<\/p>\n<p>Die ersten vier Stunden nach dem Abendessen verliefen ruhig. In der Einsatz freien Zeit wurde nicht gefaulenzt. Am Freitagabend stand &#8222;Fahrzeug- und Ger\u00e4tekunde&#8220; auf dem Dienstplan. Denn im Ernstfall ist es unb\u00e4ndigbar das man die Ausr\u00fcstungsgegenst\u00e4nde, die auf den verschiedenen Fahrzeugen verladen sind, schnell findet. Die Betreuer Tobias Wagner und Marc Sch\u00f6berl erl\u00e4uterten die verschiedenen Einsatzm\u00f6glichkeiten der verschiedenen Beleuchtungsger\u00e4te. Denn bei schlechten Lichtverh\u00e4ltnissen ist eine sinnvoll aufgebaute Beleuchtung umso<br \/>\nwichtiger. Aber auch der Aspekt der Unfallverh\u00fctung \u201eSehen und gesehen werden\u201c erfordert insbesondere bei der technischen Hilfeleistung auf der Fahrbahn eine gut aufgestellte Beleuchtung.<\/p>\n<p>Kurz nach Mitternach ging dann der Alarm f\u00fcr beide L\u00f6schgruppen ein. \u00dcber einen Hausgong erhielten die Einsatzkr\u00e4fte Kenntnis von den jeweiligen Ereignis, welche z\u00fcgig, routiniert und mit Bravour gemeistert wurden.<\/p>\n<p>Am Heubacher Pionierweg (Zufahrtstra\u00dfe zum Wanderparkplatz Rosenstein) war ein Klein-LKW von der Fahrbahn abgekommen und einen steilen Abhang hinab gerutscht. Nach Erkundung durch den Gruppenf\u00fchrer konnten noch 2 Personen im Fahrzeug festgestellt werde<span class=\"text_exposed_show\">n. Daraufhin wurde umgehend mit der Technischen Rettung begonnen. Eine Steckleiter wurde den Abhang hinunter gelassen um neben dem Fahrzeug einen sogenannten POWERMOON\u00ae aufzubauen und die Unfallstelle auszuleuchten. Zus\u00e4tzlich wurde das Fahrzeug mittels eines Greifzuges gesichert. Um die beiden \u00dcbungspuppen aus dem Fahrzeuginnenraum zu retten wurde eine gro\u00dfe Seiten\u00f6ffnung mittels hydraulischem Rettungsspreizer und der hyraulischen Rettungsschere vollzogen. Gegen 02:30 Uhr konnten die Jugendlichen mit ihren Betreuern die Einsatzstelle verlassen und zur\u00fcck ans Ger\u00e4tehaus einr\u00fccken.<\/span><\/p>\n<p>Doch die Nachtruhe hielt nicht lange an. Am Samstag Morgen wurde die 2. L\u00f6schgruppe mit dem HLF 20 und der Drehleiter zu einem weiteren Einsatz gerufen. Bei Eintreffen konnten mehrere \u00c4ste festgestellt werden, die \u00fcber den Fahrbahnrand ragten. Mit einer Elektros\u00e4ge wurden die \u00c4ste entfernt. Daf\u00fcr musste der Verkehr einspurig an der Einsatzstelle vorbeigef\u00fchrt werden. Mit Warnblitzleuchten und Verkehrsleitkegeln wurden die Einsatzma\u00dfnahmen abgesichert. Bevor es wieder zur\u00fcck ans Ger\u00e4tehaus ging, musste noch die Fahrbahn gereinigt werden.<\/p>\n<p>F\u00fcr unseren Mitglieder die noch nicht so lange dabei sind, fand die Abnahme der Jugendflamme 1 statt.\u00a0Die Jugendflamme ist ein Ausbildungsnachweis in Form eines Abzeichens f\u00fcr Jugendfeuerwehrmitglieder. Sie wird in 3 Stufen gegliedert. Bei der Stufe 1 stehen die Themen Absetzen eines Notrufes,\u00a0Anfertigen von 3 Knoten oder Stichen (Mastwurf, Schotenstich, Zimmermannstich, Achterknoten oder doppelter Ankerstich mit Halbschlag), die sichere Handhabung von Feuerwehrschl\u00e4uchen und von wasserf\u00fchrende Amaturen auf dem Programm. Auch das Sanit\u00e4tsger\u00e4t aus dem Fahrzeug holen und bereitstellen (Trage, Decke, Sanit\u00e4tskasten) sind wichtige Inhalte bei der Jugendflamme 1. Alle Jugendfeuerwehr`ler haben die Jugendfalmme 1 bestanden. Jugendwart Hannes Frey und alle Betreuer w\u00fcnschen herzlichen Gl\u00fcckwunsch. Im Laufe des Samstages standen immer wieder kleinen Theorieeinheiten auf dem Tagesplan.<\/p>\n<p>Gegen 10.30 Uhr wurde der ganze L\u00f6schzug zu einem Geb\u00e4udekomplex in die Bargauerstra\u00dfe gerufen. Gemeldet worden war ein Brand, ausgel\u00f6st durch eine Explosion. In dem Firmenkomplex wurden noch 3 Personen vermisst. Bei Eintreffen konnte bereits eine starke Rauchentwicklung wahrgenommen werden. Die Mannschaft des TLFs baute einen L\u00f6schangriff auf und begab sich mit 3 Ate<span class=\"text_exposed_show\">mschutztrupps in die Firmenhalle. Bereits kurze Zeit sp\u00e4ter konnte eine Person vom Angriffstrupp gerettet werden. Mit einem L\u00fcfter wurde der Rauch aus dem Geb\u00e4ude geblasen um ein leichteres arbeiten zu erm\u00f6glichen. Schlussendlich wurden 2 \u00dcbungspuppen aus dem Geb\u00e4ude verbracht, da die dritte Person nicht, wie zun\u00e4chst angenommen, sich im Geb\u00e4ude aufgehalten hat. Nach rund eineinhalb Stunden war der Einsatz beendet und die jungen Floriansj\u00fcnger konnten noch p\u00fcnklich zum Mittagessen (welches Super von Berndt Wagner Natalie Doll vorbereitet und organisiert wurde) zur\u00fcck ans Ger\u00e4tehaus.\u00a0<\/span><\/p>\n<p>Am Nachmittag konnte die erste L\u00f6schgruppe, das aus der Jugendflamme 1 erlernte,\u00a0 direkt in die Tat umsetzen. Bei einem Brandeinsatz wurde der L\u00f6schangriff zugig aufgebaut. Gruppenf\u00fchrer Martin Gran konnte zufrieden zur\u00fcck ans Ger\u00e4tehaus fahren.<\/p>\n<p>Doch ohne\u00a0Mampf kein Kampf. Gegen Abend wurde in gem\u00fctlicher Runde gegrillt. In musikalischer Atmosph\u00e4re lie\u00dfen sich die Teilnehmer Steak und W\u00fcrste schmecken. Kurz vor Mitternacht konnten dann noch alle das Feuerwerk des Heubacher Stadtfestes betrachten.<\/p>\n<p class=\"bodytext\">Bei anfangs gutem Wetter ging die Dienstschicht ohne Verletzungen \u00fcber die B\u00fchne. Die Jugendfeuerwehr Heubach bedankt sich bei allen Firmen f\u00fcr die gute Zusammenarbeit und die Bereitstellung der \u00dcbungsobjekte.<\/p>\n<p class=\"bodytext\">Die R\u00fcckmeldungen aller Teilnehmer waren durchwegs positiv und somit steht einer Wiederholung des\u00a0Berufsfeuerwehrwochenendes nichts im Wege.<\/p>\n<p>Klicken Sie sich hier durch unsere Fotogalerie!<\/p>\n\n\t\t<style type=\"text\/css\">\n\t\t\t#gallery-1 {\n\t\t\t\tmargin: auto;\n\t\t\t}\n\t\t\t#gallery-1 .gallery-item {\n\t\t\t\tfloat: left;\n\t\t\t\tmargin-top: 10px;\n\t\t\t\ttext-align: center;\n\t\t\t\twidth: 25%;\n\t\t\t}\n\t\t\t#gallery-1 img {\n\t\t\t\tborder: 2px solid #cfcfcf;\n\t\t\t}\n\t\t\t#gallery-1 .gallery-caption {\n\t\t\t\tmargin-left: 0;\n\t\t\t}\n\t\t\t\/* see gallery_shortcode() in wp-includes\/media.php *\/\n\t\t<\/style>\n\t\t<div id='gallery-1' class='gallery galleryid-2151 gallery-columns-4 gallery-size-medium'><dl class='gallery-item'>\n\t\t\t<dt class='gallery-icon landscape'>\n\t\t\t\t<a href='https:\/\/www.ffw-heubach.de\/wp-content\/uploads\/2018\/07\/2018-07-Berufsfeuerwehrwochenende-JF-Heubach-39.jpg'><img loading=\"lazy\" decoding=\"async\" width=\"1620\" height=\"1080\" src=\"https:\/\/www.ffw-heubach.de\/wp-content\/uploads\/2018\/07\/2018-07-Berufsfeuerwehrwochenende-JF-Heubach-39-1620x1080.jpg\" class=\"attachment-medium size-medium\" alt=\"\" srcset=\"https:\/\/www.ffw-heubach.de\/wp-content\/uploads\/2018\/07\/2018-07-Berufsfeuerwehrwochenende-JF-Heubach-39-1620x1080.jpg 1620w, https:\/\/www.ffw-heubach.de\/wp-content\/uploads\/2018\/07\/2018-07-Berufsfeuerwehrwochenende-JF-Heubach-39-768x512.jpg 768w\" sizes=\"auto, (max-width: 1620px) 100vw, 1620px\" \/><\/a>\n\t\t\t<\/dt><\/dl><dl class='gallery-item'>\n\t\t\t<dt class='gallery-icon landscape'>\n\t\t\t\t<a href='https:\/\/www.ffw-heubach.de\/wp-content\/uploads\/2018\/07\/2018-07-Berufsfeuerwehrwochenende-JF-Heubach-45.jpg'><img loading=\"lazy\" decoding=\"async\" width=\"1620\" height=\"1080\" src=\"https:\/\/www.ffw-heubach.de\/wp-content\/uploads\/2018\/07\/2018-07-Berufsfeuerwehrwochenende-JF-Heubach-45-1620x1080.jpg\" class=\"attachment-medium size-medium\" alt=\"\" srcset=\"https:\/\/www.ffw-heubach.de\/wp-content\/uploads\/2018\/07\/2018-07-Berufsfeuerwehrwochenende-JF-Heubach-45-1620x1080.jpg 1620w, https:\/\/www.ffw-heubach.de\/wp-content\/uploads\/2018\/07\/2018-07-Berufsfeuerwehrwochenende-JF-Heubach-45-768x512.jpg 768w\" sizes=\"auto, (max-width: 1620px) 100vw, 1620px\" \/><\/a>\n\t\t\t<\/dt><\/dl><dl class='gallery-item'>\n\t\t\t<dt class='gallery-icon landscape'>\n\t\t\t\t<a href='https:\/\/www.ffw-heubach.de\/wp-content\/uploads\/2018\/07\/2018-07-Berufsfeuerwehrwochenende-JF-Heubach-35.jpg'><img loading=\"lazy\" decoding=\"async\" width=\"1620\" height=\"1080\" src=\"https:\/\/www.ffw-heubach.de\/wp-content\/uploads\/2018\/07\/2018-07-Berufsfeuerwehrwochenende-JF-Heubach-35-1620x1080.jpg\" class=\"attachment-medium size-medium\" alt=\"\" srcset=\"https:\/\/www.ffw-heubach.de\/wp-content\/uploads\/2018\/07\/2018-07-Berufsfeuerwehrwochenende-JF-Heubach-35-1620x1080.jpg 1620w, https:\/\/www.ffw-heubach.de\/wp-content\/uploads\/2018\/07\/2018-07-Berufsfeuerwehrwochenende-JF-Heubach-35-768x512.jpg 768w\" sizes=\"auto, (max-width: 1620px) 100vw, 1620px\" \/><\/a>\n\t\t\t<\/dt><\/dl><dl class='gallery-item'>\n\t\t\t<dt class='gallery-icon landscape'>\n\t\t\t\t<a href='https:\/\/www.ffw-heubach.de\/wp-content\/uploads\/2018\/07\/2018-07-Berufsfeuerwehrwochenende-JF-Heubach-34.jpg'><img loading=\"lazy\" decoding=\"async\" width=\"1620\" height=\"1080\" src=\"https:\/\/www.ffw-heubach.de\/wp-content\/uploads\/2018\/07\/2018-07-Berufsfeuerwehrwochenende-JF-Heubach-34-1620x1080.jpg\" class=\"attachment-medium size-medium\" alt=\"\" srcset=\"https:\/\/www.ffw-heubach.de\/wp-content\/uploads\/2018\/07\/2018-07-Berufsfeuerwehrwochenende-JF-Heubach-34-1620x1080.jpg 1620w, https:\/\/www.ffw-heubach.de\/wp-content\/uploads\/2018\/07\/2018-07-Berufsfeuerwehrwochenende-JF-Heubach-34-768x512.jpg 768w\" sizes=\"auto, (max-width: 1620px) 100vw, 1620px\" \/><\/a>\n\t\t\t<\/dt><\/dl><br style=\"clear: both\" \/><dl class='gallery-item'>\n\t\t\t<dt class='gallery-icon landscape'>\n\t\t\t\t<a href='https:\/\/www.ffw-heubach.de\/wp-content\/uploads\/2018\/07\/2018-07-Berufsfeuerwehrwochenende-JF-Heubach-33.jpg'><img loading=\"lazy\" decoding=\"async\" width=\"1620\" height=\"1080\" src=\"https:\/\/www.ffw-heubach.de\/wp-content\/uploads\/2018\/07\/2018-07-Berufsfeuerwehrwochenende-JF-Heubach-33-1620x1080.jpg\" class=\"attachment-medium size-medium\" alt=\"\" srcset=\"https:\/\/www.ffw-heubach.de\/wp-content\/uploads\/2018\/07\/2018-07-Berufsfeuerwehrwochenende-JF-Heubach-33-1620x1080.jpg 1620w, https:\/\/www.ffw-heubach.de\/wp-content\/uploads\/2018\/07\/2018-07-Berufsfeuerwehrwochenende-JF-Heubach-33-768x512.jpg 768w\" sizes=\"auto, (max-width: 1620px) 100vw, 1620px\" \/><\/a>\n\t\t\t<\/dt><\/dl><dl class='gallery-item'>\n\t\t\t<dt class='gallery-icon landscape'>\n\t\t\t\t<a href='https:\/\/www.ffw-heubach.de\/wp-content\/uploads\/2018\/07\/2018-07-Berufsfeuerwehrwochenende-JF-Heubach-32.jpg'><img loading=\"lazy\" decoding=\"async\" width=\"1620\" height=\"1080\" src=\"https:\/\/www.ffw-heubach.de\/wp-content\/uploads\/2018\/07\/2018-07-Berufsfeuerwehrwochenende-JF-Heubach-32-1620x1080.jpg\" class=\"attachment-medium size-medium\" alt=\"\" srcset=\"https:\/\/www.ffw-heubach.de\/wp-content\/uploads\/2018\/07\/2018-07-Berufsfeuerwehrwochenende-JF-Heubach-32-1620x1080.jpg 1620w, https:\/\/www.ffw-heubach.de\/wp-content\/uploads\/2018\/07\/2018-07-Berufsfeuerwehrwochenende-JF-Heubach-32-768x512.jpg 768w\" sizes=\"auto, (max-width: 1620px) 100vw, 1620px\" \/><\/a>\n\t\t\t<\/dt><\/dl><dl class='gallery-item'>\n\t\t\t<dt class='gallery-icon landscape'>\n\t\t\t\t<a href='https:\/\/www.ffw-heubach.de\/wp-content\/uploads\/2018\/07\/2018-07-Berufsfeuerwehrwochenende-JF-Heubach-31.jpg'><img loading=\"lazy\" decoding=\"async\" width=\"1620\" height=\"1080\" src=\"https:\/\/www.ffw-heubach.de\/wp-content\/uploads\/2018\/07\/2018-07-Berufsfeuerwehrwochenende-JF-Heubach-31-1620x1080.jpg\" class=\"attachment-medium size-medium\" alt=\"\" srcset=\"https:\/\/www.ffw-heubach.de\/wp-content\/uploads\/2018\/07\/2018-07-Berufsfeuerwehrwochenende-JF-Heubach-31-1620x1080.jpg 1620w, https:\/\/www.ffw-heubach.de\/wp-content\/uploads\/2018\/07\/2018-07-Berufsfeuerwehrwochenende-JF-Heubach-31-768x512.jpg 768w\" sizes=\"auto, (max-width: 1620px) 100vw, 1620px\" \/><\/a>\n\t\t\t<\/dt><\/dl><dl class='gallery-item'>\n\t\t\t<dt class='gallery-icon landscape'>\n\t\t\t\t<a href='https:\/\/www.ffw-heubach.de\/wp-content\/uploads\/2018\/07\/2018-07-Berufsfeuerwehrwochenende-JF-Heubach-23.jpg'><img loading=\"lazy\" decoding=\"async\" width=\"1620\" height=\"1080\" src=\"https:\/\/www.ffw-heubach.de\/wp-content\/uploads\/2018\/07\/2018-07-Berufsfeuerwehrwochenende-JF-Heubach-23-1620x1080.jpg\" class=\"attachment-medium size-medium\" alt=\"\" srcset=\"https:\/\/www.ffw-heubach.de\/wp-content\/uploads\/2018\/07\/2018-07-Berufsfeuerwehrwochenende-JF-Heubach-23-1620x1080.jpg 1620w, https:\/\/www.ffw-heubach.de\/wp-content\/uploads\/2018\/07\/2018-07-Berufsfeuerwehrwochenende-JF-Heubach-23-768x512.jpg 768w\" sizes=\"auto, (max-width: 1620px) 100vw, 1620px\" \/><\/a>\n\t\t\t<\/dt><\/dl><br style=\"clear: both\" \/><dl class='gallery-item'>\n\t\t\t<dt class='gallery-icon landscape'>\n\t\t\t\t<a href='https:\/\/www.ffw-heubach.de\/wp-content\/uploads\/2018\/07\/2018-07-Berufsfeuerwehrwochenende-JF-Heubach-9.jpg'><img loading=\"lazy\" decoding=\"async\" width=\"1620\" height=\"1080\" src=\"https:\/\/www.ffw-heubach.de\/wp-content\/uploads\/2018\/07\/2018-07-Berufsfeuerwehrwochenende-JF-Heubach-9-1620x1080.jpg\" class=\"attachment-medium size-medium\" alt=\"\" srcset=\"https:\/\/www.ffw-heubach.de\/wp-content\/uploads\/2018\/07\/2018-07-Berufsfeuerwehrwochenende-JF-Heubach-9-1620x1080.jpg 1620w, https:\/\/www.ffw-heubach.de\/wp-content\/uploads\/2018\/07\/2018-07-Berufsfeuerwehrwochenende-JF-Heubach-9-768x512.jpg 768w\" sizes=\"auto, (max-width: 1620px) 100vw, 1620px\" \/><\/a>\n\t\t\t<\/dt><\/dl><dl class='gallery-item'>\n\t\t\t<dt class='gallery-icon landscape'>\n\t\t\t\t<a href='https:\/\/www.ffw-heubach.de\/wp-content\/uploads\/2018\/07\/2018-07-Berufsfeuerwehrwochenende-JF-Heubach-10.jpg'><img loading=\"lazy\" decoding=\"async\" width=\"1620\" height=\"1080\" src=\"https:\/\/www.ffw-heubach.de\/wp-content\/uploads\/2018\/07\/2018-07-Berufsfeuerwehrwochenende-JF-Heubach-10-1620x1080.jpg\" class=\"attachment-medium size-medium\" alt=\"\" srcset=\"https:\/\/www.ffw-heubach.de\/wp-content\/uploads\/2018\/07\/2018-07-Berufsfeuerwehrwochenende-JF-Heubach-10-1620x1080.jpg 1620w, https:\/\/www.ffw-heubach.de\/wp-content\/uploads\/2018\/07\/2018-07-Berufsfeuerwehrwochenende-JF-Heubach-10-768x512.jpg 768w\" sizes=\"auto, (max-width: 1620px) 100vw, 1620px\" \/><\/a>\n\t\t\t<\/dt><\/dl><dl class='gallery-item'>\n\t\t\t<dt class='gallery-icon landscape'>\n\t\t\t\t<a href='https:\/\/www.ffw-heubach.de\/wp-content\/uploads\/2018\/07\/2018-07-Berufsfeuerwehrwochenende-JF-Heubach-44.jpg'><img loading=\"lazy\" decoding=\"async\" width=\"1620\" height=\"1080\" src=\"https:\/\/www.ffw-heubach.de\/wp-content\/uploads\/2018\/07\/2018-07-Berufsfeuerwehrwochenende-JF-Heubach-44-1620x1080.jpg\" class=\"attachment-medium size-medium\" alt=\"\" srcset=\"https:\/\/www.ffw-heubach.de\/wp-content\/uploads\/2018\/07\/2018-07-Berufsfeuerwehrwochenende-JF-Heubach-44-1620x1080.jpg 1620w, https:\/\/www.ffw-heubach.de\/wp-content\/uploads\/2018\/07\/2018-07-Berufsfeuerwehrwochenende-JF-Heubach-44-768x512.jpg 768w\" sizes=\"auto, (max-width: 1620px) 100vw, 1620px\" \/><\/a>\n\t\t\t<\/dt><\/dl><dl class='gallery-item'>\n\t\t\t<dt class='gallery-icon landscape'>\n\t\t\t\t<a href='https:\/\/www.ffw-heubach.de\/wp-content\/uploads\/2018\/07\/2018-07-Berufsfeuerwehrwochenende-JF-Heubach-41.jpg'><img loading=\"lazy\" decoding=\"async\" width=\"1620\" height=\"1080\" src=\"https:\/\/www.ffw-heubach.de\/wp-content\/uploads\/2018\/07\/2018-07-Berufsfeuerwehrwochenende-JF-Heubach-41-1620x1080.jpg\" class=\"attachment-medium size-medium\" alt=\"\" srcset=\"https:\/\/www.ffw-heubach.de\/wp-content\/uploads\/2018\/07\/2018-07-Berufsfeuerwehrwochenende-JF-Heubach-41-1620x1080.jpg 1620w, https:\/\/www.ffw-heubach.de\/wp-content\/uploads\/2018\/07\/2018-07-Berufsfeuerwehrwochenende-JF-Heubach-41-768x512.jpg 768w\" sizes=\"auto, (max-width: 1620px) 100vw, 1620px\" \/><\/a>\n\t\t\t<\/dt><\/dl><br style=\"clear: both\" \/><dl class='gallery-item'>\n\t\t\t<dt class='gallery-icon landscape'>\n\t\t\t\t<a href='https:\/\/www.ffw-heubach.de\/wp-content\/uploads\/2018\/07\/2018-07-Berufsfeuerwehrwochenende-JF-Heubach-26.jpg'><img loading=\"lazy\" decoding=\"async\" width=\"1620\" height=\"1080\" src=\"https:\/\/www.ffw-heubach.de\/wp-content\/uploads\/2018\/07\/2018-07-Berufsfeuerwehrwochenende-JF-Heubach-26-1620x1080.jpg\" class=\"attachment-medium size-medium\" alt=\"\" srcset=\"https:\/\/www.ffw-heubach.de\/wp-content\/uploads\/2018\/07\/2018-07-Berufsfeuerwehrwochenende-JF-Heubach-26-1620x1080.jpg 1620w, https:\/\/www.ffw-heubach.de\/wp-content\/uploads\/2018\/07\/2018-07-Berufsfeuerwehrwochenende-JF-Heubach-26-768x512.jpg 768w\" sizes=\"auto, (max-width: 1620px) 100vw, 1620px\" \/><\/a>\n\t\t\t<\/dt><\/dl><dl class='gallery-item'>\n\t\t\t<dt class='gallery-icon landscape'>\n\t\t\t\t<a href='https:\/\/www.ffw-heubach.de\/wp-content\/uploads\/2018\/07\/2018-07-Berufsfeuerwehrwochenende-JF-Heubach-43.jpg'><img loading=\"lazy\" decoding=\"async\" width=\"1620\" height=\"1080\" src=\"https:\/\/www.ffw-heubach.de\/wp-content\/uploads\/2018\/07\/2018-07-Berufsfeuerwehrwochenende-JF-Heubach-43-1620x1080.jpg\" class=\"attachment-medium size-medium\" alt=\"\" srcset=\"https:\/\/www.ffw-heubach.de\/wp-content\/uploads\/2018\/07\/2018-07-Berufsfeuerwehrwochenende-JF-Heubach-43-1620x1080.jpg 1620w, https:\/\/www.ffw-heubach.de\/wp-content\/uploads\/2018\/07\/2018-07-Berufsfeuerwehrwochenende-JF-Heubach-43-768x512.jpg 768w\" sizes=\"auto, (max-width: 1620px) 100vw, 1620px\" \/><\/a>\n\t\t\t<\/dt><\/dl><dl class='gallery-item'>\n\t\t\t<dt class='gallery-icon landscape'>\n\t\t\t\t<a href='https:\/\/www.ffw-heubach.de\/wp-content\/uploads\/2018\/07\/2018-07-Berufsfeuerwehrwochenende-JF-Heubach-19.jpg'><img loading=\"lazy\" decoding=\"async\" width=\"1620\" height=\"1080\" src=\"https:\/\/www.ffw-heubach.de\/wp-content\/uploads\/2018\/07\/2018-07-Berufsfeuerwehrwochenende-JF-Heubach-19-1620x1080.jpg\" class=\"attachment-medium size-medium\" alt=\"\" srcset=\"https:\/\/www.ffw-heubach.de\/wp-content\/uploads\/2018\/07\/2018-07-Berufsfeuerwehrwochenende-JF-Heubach-19-1620x1080.jpg 1620w, https:\/\/www.ffw-heubach.de\/wp-content\/uploads\/2018\/07\/2018-07-Berufsfeuerwehrwochenende-JF-Heubach-19-768x512.jpg 768w\" sizes=\"auto, (max-width: 1620px) 100vw, 1620px\" \/><\/a>\n\t\t\t<\/dt><\/dl><dl class='gallery-item'>\n\t\t\t<dt class='gallery-icon landscape'>\n\t\t\t\t<a href='https:\/\/www.ffw-heubach.de\/wp-content\/uploads\/2018\/07\/2018-07-Berufsfeuerwehrwochenende-JF-Heubach-38.jpg'><img loading=\"lazy\" decoding=\"async\" width=\"1620\" height=\"1080\" src=\"https:\/\/www.ffw-heubach.de\/wp-content\/uploads\/2018\/07\/2018-07-Berufsfeuerwehrwochenende-JF-Heubach-38-1620x1080.jpg\" class=\"attachment-medium size-medium\" alt=\"\" srcset=\"https:\/\/www.ffw-heubach.de\/wp-content\/uploads\/2018\/07\/2018-07-Berufsfeuerwehrwochenende-JF-Heubach-38-1620x1080.jpg 1620w, https:\/\/www.ffw-heubach.de\/wp-content\/uploads\/2018\/07\/2018-07-Berufsfeuerwehrwochenende-JF-Heubach-38-768x512.jpg 768w\" sizes=\"auto, (max-width: 1620px) 100vw, 1620px\" \/><\/a>\n\t\t\t<\/dt><\/dl><br style=\"clear: both\" \/><dl class='gallery-item'>\n\t\t\t<dt class='gallery-icon landscape'>\n\t\t\t\t<a href='https:\/\/www.ffw-heubach.de\/wp-content\/uploads\/2018\/07\/2018-07-Berufsfeuerwehrwochenende-JF-Heubach-11.jpg'><img loading=\"lazy\" decoding=\"async\" width=\"1620\" height=\"1080\" src=\"https:\/\/www.ffw-heubach.de\/wp-content\/uploads\/2018\/07\/2018-07-Berufsfeuerwehrwochenende-JF-Heubach-11-1620x1080.jpg\" class=\"attachment-medium size-medium\" alt=\"\" srcset=\"https:\/\/www.ffw-heubach.de\/wp-content\/uploads\/2018\/07\/2018-07-Berufsfeuerwehrwochenende-JF-Heubach-11-1620x1080.jpg 1620w, https:\/\/www.ffw-heubach.de\/wp-content\/uploads\/2018\/07\/2018-07-Berufsfeuerwehrwochenende-JF-Heubach-11-768x512.jpg 768w\" sizes=\"auto, (max-width: 1620px) 100vw, 1620px\" \/><\/a>\n\t\t\t<\/dt><\/dl><dl class='gallery-item'>\n\t\t\t<dt class='gallery-icon landscape'>\n\t\t\t\t<a href='https:\/\/www.ffw-heubach.de\/wp-content\/uploads\/2018\/07\/2018-07-Berufsfeuerwehrwochenende-JF-Heubach-15.jpg'><img loading=\"lazy\" decoding=\"async\" width=\"1620\" height=\"1080\" src=\"https:\/\/www.ffw-heubach.de\/wp-content\/uploads\/2018\/07\/2018-07-Berufsfeuerwehrwochenende-JF-Heubach-15-1620x1080.jpg\" class=\"attachment-medium size-medium\" alt=\"\" srcset=\"https:\/\/www.ffw-heubach.de\/wp-content\/uploads\/2018\/07\/2018-07-Berufsfeuerwehrwochenende-JF-Heubach-15-1620x1080.jpg 1620w, https:\/\/www.ffw-heubach.de\/wp-content\/uploads\/2018\/07\/2018-07-Berufsfeuerwehrwochenende-JF-Heubach-15-768x512.jpg 768w\" sizes=\"auto, (max-width: 1620px) 100vw, 1620px\" \/><\/a>\n\t\t\t<\/dt><\/dl><dl class='gallery-item'>\n\t\t\t<dt class='gallery-icon landscape'>\n\t\t\t\t<a href='https:\/\/www.ffw-heubach.de\/wp-content\/uploads\/2018\/07\/2018-07-Berufsfeuerwehrwochenende-JF-Heubach-22.jpg'><img loading=\"lazy\" decoding=\"async\" width=\"1620\" height=\"1080\" src=\"https:\/\/www.ffw-heubach.de\/wp-content\/uploads\/2018\/07\/2018-07-Berufsfeuerwehrwochenende-JF-Heubach-22-1620x1080.jpg\" class=\"attachment-medium size-medium\" alt=\"\" srcset=\"https:\/\/www.ffw-heubach.de\/wp-content\/uploads\/2018\/07\/2018-07-Berufsfeuerwehrwochenende-JF-Heubach-22-1620x1080.jpg 1620w, https:\/\/www.ffw-heubach.de\/wp-content\/uploads\/2018\/07\/2018-07-Berufsfeuerwehrwochenende-JF-Heubach-22-768x512.jpg 768w\" sizes=\"auto, (max-width: 1620px) 100vw, 1620px\" \/><\/a>\n\t\t\t<\/dt><\/dl><dl class='gallery-item'>\n\t\t\t<dt class='gallery-icon landscape'>\n\t\t\t\t<a href='https:\/\/www.ffw-heubach.de\/wp-content\/uploads\/2018\/07\/2018-07-Berufsfeuerwehrwochenende-JF-Heubach-46.jpg'><img loading=\"lazy\" decoding=\"async\" width=\"1620\" height=\"1080\" src=\"https:\/\/www.ffw-heubach.de\/wp-content\/uploads\/2018\/07\/2018-07-Berufsfeuerwehrwochenende-JF-Heubach-46-1620x1080.jpg\" class=\"attachment-medium size-medium\" alt=\"\" srcset=\"https:\/\/www.ffw-heubach.de\/wp-content\/uploads\/2018\/07\/2018-07-Berufsfeuerwehrwochenende-JF-Heubach-46-1620x1080.jpg 1620w, https:\/\/www.ffw-heubach.de\/wp-content\/uploads\/2018\/07\/2018-07-Berufsfeuerwehrwochenende-JF-Heubach-46-768x512.jpg 768w\" sizes=\"auto, (max-width: 1620px) 100vw, 1620px\" \/><\/a>\n\t\t\t<\/dt><\/dl><br style=\"clear: both\" \/><dl class='gallery-item'>\n\t\t\t<dt class='gallery-icon landscape'>\n\t\t\t\t<a href='https:\/\/www.ffw-heubach.de\/wp-content\/uploads\/2018\/07\/2018-07-Berufsfeuerwehrwochenende-JF-Heubach-7.jpg'><img loading=\"lazy\" decoding=\"async\" width=\"1620\" height=\"1080\" src=\"https:\/\/www.ffw-heubach.de\/wp-content\/uploads\/2018\/07\/2018-07-Berufsfeuerwehrwochenende-JF-Heubach-7-1620x1080.jpg\" class=\"attachment-medium size-medium\" alt=\"\" srcset=\"https:\/\/www.ffw-heubach.de\/wp-content\/uploads\/2018\/07\/2018-07-Berufsfeuerwehrwochenende-JF-Heubach-7-1620x1080.jpg 1620w, https:\/\/www.ffw-heubach.de\/wp-content\/uploads\/2018\/07\/2018-07-Berufsfeuerwehrwochenende-JF-Heubach-7-768x512.jpg 768w\" sizes=\"auto, (max-width: 1620px) 100vw, 1620px\" \/><\/a>\n\t\t\t<\/dt><\/dl><dl class='gallery-item'>\n\t\t\t<dt class='gallery-icon landscape'>\n\t\t\t\t<a href='https:\/\/www.ffw-heubach.de\/wp-content\/uploads\/2018\/07\/2018-07-Berufsfeuerwehrwochenende-JF-Heubach-5.jpg'><img loading=\"lazy\" decoding=\"async\" width=\"1620\" height=\"1080\" src=\"https:\/\/www.ffw-heubach.de\/wp-content\/uploads\/2018\/07\/2018-07-Berufsfeuerwehrwochenende-JF-Heubach-5-1620x1080.jpg\" class=\"attachment-medium size-medium\" alt=\"\" srcset=\"https:\/\/www.ffw-heubach.de\/wp-content\/uploads\/2018\/07\/2018-07-Berufsfeuerwehrwochenende-JF-Heubach-5-1620x1080.jpg 1620w, https:\/\/www.ffw-heubach.de\/wp-content\/uploads\/2018\/07\/2018-07-Berufsfeuerwehrwochenende-JF-Heubach-5-768x512.jpg 768w\" sizes=\"auto, (max-width: 1620px) 100vw, 1620px\" \/><\/a>\n\t\t\t<\/dt><\/dl><dl class='gallery-item'>\n\t\t\t<dt class='gallery-icon landscape'>\n\t\t\t\t<a href='https:\/\/www.ffw-heubach.de\/wp-content\/uploads\/2018\/07\/2018-07-Berufsfeuerwehrwochenende-JF-Heubach-29.jpg'><img loading=\"lazy\" decoding=\"async\" width=\"1620\" height=\"1080\" src=\"https:\/\/www.ffw-heubach.de\/wp-content\/uploads\/2018\/07\/2018-07-Berufsfeuerwehrwochenende-JF-Heubach-29-1620x1080.jpg\" class=\"attachment-medium size-medium\" alt=\"\" srcset=\"https:\/\/www.ffw-heubach.de\/wp-content\/uploads\/2018\/07\/2018-07-Berufsfeuerwehrwochenende-JF-Heubach-29-1620x1080.jpg 1620w, https:\/\/www.ffw-heubach.de\/wp-content\/uploads\/2018\/07\/2018-07-Berufsfeuerwehrwochenende-JF-Heubach-29-768x512.jpg 768w\" sizes=\"auto, (max-width: 1620px) 100vw, 1620px\" \/><\/a>\n\t\t\t<\/dt><\/dl><dl class='gallery-item'>\n\t\t\t<dt class='gallery-icon landscape'>\n\t\t\t\t<a href='https:\/\/www.ffw-heubach.de\/wp-content\/uploads\/2018\/07\/2018-07-Berufsfeuerwehrwochenende-JF-Heubach-30.jpg'><img loading=\"lazy\" decoding=\"async\" width=\"1620\" height=\"1080\" src=\"https:\/\/www.ffw-heubach.de\/wp-content\/uploads\/2018\/07\/2018-07-Berufsfeuerwehrwochenende-JF-Heubach-30-1620x1080.jpg\" class=\"attachment-medium size-medium\" alt=\"\" srcset=\"https:\/\/www.ffw-heubach.de\/wp-content\/uploads\/2018\/07\/2018-07-Berufsfeuerwehrwochenende-JF-Heubach-30-1620x1080.jpg 1620w, https:\/\/www.ffw-heubach.de\/wp-content\/uploads\/2018\/07\/2018-07-Berufsfeuerwehrwochenende-JF-Heubach-30-768x512.jpg 768w\" sizes=\"auto, (max-width: 1620px) 100vw, 1620px\" \/><\/a>\n\t\t\t<\/dt><\/dl><br style=\"clear: both\" \/><dl class='gallery-item'>\n\t\t\t<dt class='gallery-icon landscape'>\n\t\t\t\t<a href='https:\/\/www.ffw-heubach.de\/wp-content\/uploads\/2018\/07\/2018-07-Berufsfeuerwehrwochenende-JF-Heubach-20.jpg'><img loading=\"lazy\" decoding=\"async\" width=\"1620\" height=\"1080\" src=\"https:\/\/www.ffw-heubach.de\/wp-content\/uploads\/2018\/07\/2018-07-Berufsfeuerwehrwochenende-JF-Heubach-20-1620x1080.jpg\" class=\"attachment-medium size-medium\" alt=\"\" srcset=\"https:\/\/www.ffw-heubach.de\/wp-content\/uploads\/2018\/07\/2018-07-Berufsfeuerwehrwochenende-JF-Heubach-20-1620x1080.jpg 1620w, https:\/\/www.ffw-heubach.de\/wp-content\/uploads\/2018\/07\/2018-07-Berufsfeuerwehrwochenende-JF-Heubach-20-768x512.jpg 768w\" sizes=\"auto, (max-width: 1620px) 100vw, 1620px\" \/><\/a>\n\t\t\t<\/dt><\/dl><dl class='gallery-item'>\n\t\t\t<dt class='gallery-icon landscape'>\n\t\t\t\t<a href='https:\/\/www.ffw-heubach.de\/wp-content\/uploads\/2018\/07\/2018-07-Berufsfeuerwehrwochenende-JF-Heubach-3.jpg'><img loading=\"lazy\" decoding=\"async\" width=\"1620\" height=\"1080\" src=\"https:\/\/www.ffw-heubach.de\/wp-content\/uploads\/2018\/07\/2018-07-Berufsfeuerwehrwochenende-JF-Heubach-3-1620x1080.jpg\" class=\"attachment-medium size-medium\" alt=\"\" srcset=\"https:\/\/www.ffw-heubach.de\/wp-content\/uploads\/2018\/07\/2018-07-Berufsfeuerwehrwochenende-JF-Heubach-3-1620x1080.jpg 1620w, https:\/\/www.ffw-heubach.de\/wp-content\/uploads\/2018\/07\/2018-07-Berufsfeuerwehrwochenende-JF-Heubach-3-768x512.jpg 768w\" sizes=\"auto, (max-width: 1620px) 100vw, 1620px\" \/><\/a>\n\t\t\t<\/dt><\/dl><dl class='gallery-item'>\n\t\t\t<dt class='gallery-icon landscape'>\n\t\t\t\t<a href='https:\/\/www.ffw-heubach.de\/wp-content\/uploads\/2018\/07\/2018-07-Berufsfeuerwehrwochenende-JF-Heubach-51.jpg'><img loading=\"lazy\" decoding=\"async\" width=\"1620\" height=\"1080\" src=\"https:\/\/www.ffw-heubach.de\/wp-content\/uploads\/2018\/07\/2018-07-Berufsfeuerwehrwochenende-JF-Heubach-51-1620x1080.jpg\" class=\"attachment-medium size-medium\" alt=\"\" srcset=\"https:\/\/www.ffw-heubach.de\/wp-content\/uploads\/2018\/07\/2018-07-Berufsfeuerwehrwochenende-JF-Heubach-51-1620x1080.jpg 1620w, https:\/\/www.ffw-heubach.de\/wp-content\/uploads\/2018\/07\/2018-07-Berufsfeuerwehrwochenende-JF-Heubach-51-768x512.jpg 768w\" sizes=\"auto, (max-width: 1620px) 100vw, 1620px\" \/><\/a>\n\t\t\t<\/dt><\/dl><dl class='gallery-item'>\n\t\t\t<dt class='gallery-icon landscape'>\n\t\t\t\t<a href='https:\/\/www.ffw-heubach.de\/wp-content\/uploads\/2018\/07\/2018-07-Berufsfeuerwehrwochenende-JF-Heubach-1.jpg'><img loading=\"lazy\" decoding=\"async\" width=\"1620\" height=\"1080\" src=\"https:\/\/www.ffw-heubach.de\/wp-content\/uploads\/2018\/07\/2018-07-Berufsfeuerwehrwochenende-JF-Heubach-1-1620x1080.jpg\" class=\"attachment-medium size-medium\" alt=\"\" srcset=\"https:\/\/www.ffw-heubach.de\/wp-content\/uploads\/2018\/07\/2018-07-Berufsfeuerwehrwochenende-JF-Heubach-1-1620x1080.jpg 1620w, https:\/\/www.ffw-heubach.de\/wp-content\/uploads\/2018\/07\/2018-07-Berufsfeuerwehrwochenende-JF-Heubach-1-768x512.jpg 768w\" sizes=\"auto, (max-width: 1620px) 100vw, 1620px\" \/><\/a>\n\t\t\t<\/dt><\/dl><br style=\"clear: both\" \/><dl class='gallery-item'>\n\t\t\t<dt class='gallery-icon landscape'>\n\t\t\t\t<a href='https:\/\/www.ffw-heubach.de\/wp-content\/uploads\/2018\/07\/2018-07-Berufsfeuerwehrwochenende-JF-Heubach-21.jpg'><img loading=\"lazy\" decoding=\"async\" width=\"1620\" height=\"1080\" src=\"https:\/\/www.ffw-heubach.de\/wp-content\/uploads\/2018\/07\/2018-07-Berufsfeuerwehrwochenende-JF-Heubach-21-1620x1080.jpg\" class=\"attachment-medium size-medium\" alt=\"\" srcset=\"https:\/\/www.ffw-heubach.de\/wp-content\/uploads\/2018\/07\/2018-07-Berufsfeuerwehrwochenende-JF-Heubach-21-1620x1080.jpg 1620w, https:\/\/www.ffw-heubach.de\/wp-content\/uploads\/2018\/07\/2018-07-Berufsfeuerwehrwochenende-JF-Heubach-21-768x512.jpg 768w\" sizes=\"auto, (max-width: 1620px) 100vw, 1620px\" \/><\/a>\n\t\t\t<\/dt><\/dl><dl class='gallery-item'>\n\t\t\t<dt class='gallery-icon landscape'>\n\t\t\t\t<a href='https:\/\/www.ffw-heubach.de\/wp-content\/uploads\/2018\/07\/2018-07-Berufsfeuerwehrwochenende-JF-Heubach-37.jpg'><img loading=\"lazy\" decoding=\"async\" width=\"1620\" height=\"1080\" src=\"https:\/\/www.ffw-heubach.de\/wp-content\/uploads\/2018\/07\/2018-07-Berufsfeuerwehrwochenende-JF-Heubach-37-1620x1080.jpg\" class=\"attachment-medium size-medium\" alt=\"\" srcset=\"https:\/\/www.ffw-heubach.de\/wp-content\/uploads\/2018\/07\/2018-07-Berufsfeuerwehrwochenende-JF-Heubach-37-1620x1080.jpg 1620w, https:\/\/www.ffw-heubach.de\/wp-content\/uploads\/2018\/07\/2018-07-Berufsfeuerwehrwochenende-JF-Heubach-37-768x512.jpg 768w\" sizes=\"auto, (max-width: 1620px) 100vw, 1620px\" \/><\/a>\n\t\t\t<\/dt><\/dl><dl class='gallery-item'>\n\t\t\t<dt class='gallery-icon landscape'>\n\t\t\t\t<a href='https:\/\/www.ffw-heubach.de\/wp-content\/uploads\/2018\/07\/2018-07-Berufsfeuerwehrwochenende-JF-Heubach-28.jpg'><img loading=\"lazy\" decoding=\"async\" width=\"1620\" height=\"1080\" src=\"https:\/\/www.ffw-heubach.de\/wp-content\/uploads\/2018\/07\/2018-07-Berufsfeuerwehrwochenende-JF-Heubach-28-1620x1080.jpg\" class=\"attachment-medium size-medium\" alt=\"\" srcset=\"https:\/\/www.ffw-heubach.de\/wp-content\/uploads\/2018\/07\/2018-07-Berufsfeuerwehrwochenende-JF-Heubach-28-1620x1080.jpg 1620w, https:\/\/www.ffw-heubach.de\/wp-content\/uploads\/2018\/07\/2018-07-Berufsfeuerwehrwochenende-JF-Heubach-28-768x512.jpg 768w\" sizes=\"auto, (max-width: 1620px) 100vw, 1620px\" \/><\/a>\n\t\t\t<\/dt><\/dl><dl class='gallery-item'>\n\t\t\t<dt class='gallery-icon landscape'>\n\t\t\t\t<a href='https:\/\/www.ffw-heubach.de\/wp-content\/uploads\/2018\/07\/2018-07-Berufsfeuerwehrwochenende-JF-Heubach-2.jpg'><img loading=\"lazy\" decoding=\"async\" width=\"1620\" height=\"1080\" src=\"https:\/\/www.ffw-heubach.de\/wp-content\/uploads\/2018\/07\/2018-07-Berufsfeuerwehrwochenende-JF-Heubach-2-1620x1080.jpg\" class=\"attachment-medium size-medium\" alt=\"\" srcset=\"https:\/\/www.ffw-heubach.de\/wp-content\/uploads\/2018\/07\/2018-07-Berufsfeuerwehrwochenende-JF-Heubach-2-1620x1080.jpg 1620w, https:\/\/www.ffw-heubach.de\/wp-content\/uploads\/2018\/07\/2018-07-Berufsfeuerwehrwochenende-JF-Heubach-2-768x512.jpg 768w\" sizes=\"auto, (max-width: 1620px) 100vw, 1620px\" \/><\/a>\n\t\t\t<\/dt><\/dl><br style=\"clear: both\" \/><dl class='gallery-item'>\n\t\t\t<dt class='gallery-icon landscape'>\n\t\t\t\t<a href='https:\/\/www.ffw-heubach.de\/wp-content\/uploads\/2018\/07\/2018-07-Berufsfeuerwehrwochenende-JF-Heubach-24.jpg'><img loading=\"lazy\" decoding=\"async\" width=\"1620\" height=\"1080\" src=\"https:\/\/www.ffw-heubach.de\/wp-content\/uploads\/2018\/07\/2018-07-Berufsfeuerwehrwochenende-JF-Heubach-24-1620x1080.jpg\" class=\"attachment-medium size-medium\" alt=\"\" srcset=\"https:\/\/www.ffw-heubach.de\/wp-content\/uploads\/2018\/07\/2018-07-Berufsfeuerwehrwochenende-JF-Heubach-24-1620x1080.jpg 1620w, https:\/\/www.ffw-heubach.de\/wp-content\/uploads\/2018\/07\/2018-07-Berufsfeuerwehrwochenende-JF-Heubach-24-768x512.jpg 768w\" sizes=\"auto, (max-width: 1620px) 100vw, 1620px\" \/><\/a>\n\t\t\t<\/dt><\/dl><dl class='gallery-item'>\n\t\t\t<dt class='gallery-icon landscape'>\n\t\t\t\t<a href='https:\/\/www.ffw-heubach.de\/wp-content\/uploads\/2018\/07\/2018-07-Berufsfeuerwehrwochenende-JF-Heubach-50.jpg'><img loading=\"lazy\" decoding=\"async\" width=\"1620\" height=\"1080\" src=\"https:\/\/www.ffw-heubach.de\/wp-content\/uploads\/2018\/07\/2018-07-Berufsfeuerwehrwochenende-JF-Heubach-50-1620x1080.jpg\" class=\"attachment-medium size-medium\" alt=\"\" srcset=\"https:\/\/www.ffw-heubach.de\/wp-content\/uploads\/2018\/07\/2018-07-Berufsfeuerwehrwochenende-JF-Heubach-50-1620x1080.jpg 1620w, https:\/\/www.ffw-heubach.de\/wp-content\/uploads\/2018\/07\/2018-07-Berufsfeuerwehrwochenende-JF-Heubach-50-768x512.jpg 768w\" sizes=\"auto, (max-width: 1620px) 100vw, 1620px\" \/><\/a>\n\t\t\t<\/dt><\/dl><dl class='gallery-item'>\n\t\t\t<dt class='gallery-icon landscape'>\n\t\t\t\t<a href='https:\/\/www.ffw-heubach.de\/wp-content\/uploads\/2018\/07\/2018-07-Berufsfeuerwehrwochenende-JF-Heubach-52.jpg'><img loading=\"lazy\" decoding=\"async\" width=\"1620\" height=\"1080\" src=\"https:\/\/www.ffw-heubach.de\/wp-content\/uploads\/2018\/07\/2018-07-Berufsfeuerwehrwochenende-JF-Heubach-52-1620x1080.jpg\" class=\"attachment-medium size-medium\" alt=\"\" srcset=\"https:\/\/www.ffw-heubach.de\/wp-content\/uploads\/2018\/07\/2018-07-Berufsfeuerwehrwochenende-JF-Heubach-52-1620x1080.jpg 1620w, https:\/\/www.ffw-heubach.de\/wp-content\/uploads\/2018\/07\/2018-07-Berufsfeuerwehrwochenende-JF-Heubach-52-768x512.jpg 768w\" sizes=\"auto, (max-width: 1620px) 100vw, 1620px\" \/><\/a>\n\t\t\t<\/dt><\/dl><dl class='gallery-item'>\n\t\t\t<dt class='gallery-icon landscape'>\n\t\t\t\t<a href='https:\/\/www.ffw-heubach.de\/wp-content\/uploads\/2018\/07\/2018-07-Berufsfeuerwehrwochenende-JF-Heubach-17.jpg'><img loading=\"lazy\" decoding=\"async\" width=\"1620\" height=\"1080\" src=\"https:\/\/www.ffw-heubach.de\/wp-content\/uploads\/2018\/07\/2018-07-Berufsfeuerwehrwochenende-JF-Heubach-17-1620x1080.jpg\" class=\"attachment-medium size-medium\" alt=\"\" srcset=\"https:\/\/www.ffw-heubach.de\/wp-content\/uploads\/2018\/07\/2018-07-Berufsfeuerwehrwochenende-JF-Heubach-17-1620x1080.jpg 1620w, https:\/\/www.ffw-heubach.de\/wp-content\/uploads\/2018\/07\/2018-07-Berufsfeuerwehrwochenende-JF-Heubach-17-768x512.jpg 768w\" sizes=\"auto, (max-width: 1620px) 100vw, 1620px\" \/><\/a>\n\t\t\t<\/dt><\/dl><br style=\"clear: both\" \/><dl class='gallery-item'>\n\t\t\t<dt class='gallery-icon landscape'>\n\t\t\t\t<a href='https:\/\/www.ffw-heubach.de\/wp-content\/uploads\/2018\/07\/2018-07-Berufsfeuerwehrwochenende-JF-Heubach-6.jpg'><img loading=\"lazy\" decoding=\"async\" width=\"1620\" height=\"1080\" src=\"https:\/\/www.ffw-heubach.de\/wp-content\/uploads\/2018\/07\/2018-07-Berufsfeuerwehrwochenende-JF-Heubach-6-1620x1080.jpg\" class=\"attachment-medium size-medium\" alt=\"\" srcset=\"https:\/\/www.ffw-heubach.de\/wp-content\/uploads\/2018\/07\/2018-07-Berufsfeuerwehrwochenende-JF-Heubach-6-1620x1080.jpg 1620w, https:\/\/www.ffw-heubach.de\/wp-content\/uploads\/2018\/07\/2018-07-Berufsfeuerwehrwochenende-JF-Heubach-6-768x512.jpg 768w\" sizes=\"auto, (max-width: 1620px) 100vw, 1620px\" \/><\/a>\n\t\t\t<\/dt><\/dl><dl class='gallery-item'>\n\t\t\t<dt class='gallery-icon landscape'>\n\t\t\t\t<a href='https:\/\/www.ffw-heubach.de\/wp-content\/uploads\/2018\/07\/2018-07-Berufsfeuerwehrwochenende-JF-Heubach-16.jpg'><img loading=\"lazy\" decoding=\"async\" width=\"1620\" height=\"1080\" src=\"https:\/\/www.ffw-heubach.de\/wp-content\/uploads\/2018\/07\/2018-07-Berufsfeuerwehrwochenende-JF-Heubach-16-1620x1080.jpg\" class=\"attachment-medium size-medium\" alt=\"\" srcset=\"https:\/\/www.ffw-heubach.de\/wp-content\/uploads\/2018\/07\/2018-07-Berufsfeuerwehrwochenende-JF-Heubach-16-1620x1080.jpg 1620w, https:\/\/www.ffw-heubach.de\/wp-content\/uploads\/2018\/07\/2018-07-Berufsfeuerwehrwochenende-JF-Heubach-16-768x512.jpg 768w\" sizes=\"auto, (max-width: 1620px) 100vw, 1620px\" \/><\/a>\n\t\t\t<\/dt><\/dl><dl class='gallery-item'>\n\t\t\t<dt class='gallery-icon landscape'>\n\t\t\t\t<a href='https:\/\/www.ffw-heubach.de\/wp-content\/uploads\/2018\/07\/2018-07-Berufsfeuerwehrwochenende-JF-Heubach-4.jpg'><img loading=\"lazy\" decoding=\"async\" width=\"1620\" height=\"1080\" src=\"https:\/\/www.ffw-heubach.de\/wp-content\/uploads\/2018\/07\/2018-07-Berufsfeuerwehrwochenende-JF-Heubach-4-1620x1080.jpg\" class=\"attachment-medium size-medium\" alt=\"\" srcset=\"https:\/\/www.ffw-heubach.de\/wp-content\/uploads\/2018\/07\/2018-07-Berufsfeuerwehrwochenende-JF-Heubach-4-1620x1080.jpg 1620w, https:\/\/www.ffw-heubach.de\/wp-content\/uploads\/2018\/07\/2018-07-Berufsfeuerwehrwochenende-JF-Heubach-4-768x512.jpg 768w\" sizes=\"auto, (max-width: 1620px) 100vw, 1620px\" \/><\/a>\n\t\t\t<\/dt><\/dl><dl class='gallery-item'>\n\t\t\t<dt class='gallery-icon landscape'>\n\t\t\t\t<a href='https:\/\/www.ffw-heubach.de\/wp-content\/uploads\/2018\/07\/2018-07-Berufsfeuerwehrwochenende-JF-Heubach-42.jpg'><img loading=\"lazy\" decoding=\"async\" width=\"1620\" height=\"1080\" src=\"https:\/\/www.ffw-heubach.de\/wp-content\/uploads\/2018\/07\/2018-07-Berufsfeuerwehrwochenende-JF-Heubach-42-1620x1080.jpg\" class=\"attachment-medium size-medium\" alt=\"\" srcset=\"https:\/\/www.ffw-heubach.de\/wp-content\/uploads\/2018\/07\/2018-07-Berufsfeuerwehrwochenende-JF-Heubach-42-1620x1080.jpg 1620w, https:\/\/www.ffw-heubach.de\/wp-content\/uploads\/2018\/07\/2018-07-Berufsfeuerwehrwochenende-JF-Heubach-42-768x512.jpg 768w\" sizes=\"auto, (max-width: 1620px) 100vw, 1620px\" \/><\/a>\n\t\t\t<\/dt><\/dl><br style=\"clear: both\" \/><dl class='gallery-item'>\n\t\t\t<dt class='gallery-icon landscape'>\n\t\t\t\t<a href='https:\/\/www.ffw-heubach.de\/wp-content\/uploads\/2018\/07\/2018-07-Berufsfeuerwehrwochenende-JF-Heubach-40.jpg'><img loading=\"lazy\" decoding=\"async\" width=\"1620\" height=\"1080\" src=\"https:\/\/www.ffw-heubach.de\/wp-content\/uploads\/2018\/07\/2018-07-Berufsfeuerwehrwochenende-JF-Heubach-40-1620x1080.jpg\" class=\"attachment-medium size-medium\" alt=\"\" srcset=\"https:\/\/www.ffw-heubach.de\/wp-content\/uploads\/2018\/07\/2018-07-Berufsfeuerwehrwochenende-JF-Heubach-40-1620x1080.jpg 1620w, https:\/\/www.ffw-heubach.de\/wp-content\/uploads\/2018\/07\/2018-07-Berufsfeuerwehrwochenende-JF-Heubach-40-768x512.jpg 768w\" sizes=\"auto, (max-width: 1620px) 100vw, 1620px\" \/><\/a>\n\t\t\t<\/dt><\/dl><dl class='gallery-item'>\n\t\t\t<dt class='gallery-icon landscape'>\n\t\t\t\t<a href='https:\/\/www.ffw-heubach.de\/wp-content\/uploads\/2018\/07\/2018-07-Berufsfeuerwehrwochenende-JF-Heubach-25.jpg'><img loading=\"lazy\" decoding=\"async\" width=\"1620\" height=\"1080\" src=\"https:\/\/www.ffw-heubach.de\/wp-content\/uploads\/2018\/07\/2018-07-Berufsfeuerwehrwochenende-JF-Heubach-25-1620x1080.jpg\" class=\"attachment-medium size-medium\" alt=\"\" srcset=\"https:\/\/www.ffw-heubach.de\/wp-content\/uploads\/2018\/07\/2018-07-Berufsfeuerwehrwochenende-JF-Heubach-25-1620x1080.jpg 1620w, https:\/\/www.ffw-heubach.de\/wp-content\/uploads\/2018\/07\/2018-07-Berufsfeuerwehrwochenende-JF-Heubach-25-768x512.jpg 768w\" sizes=\"auto, (max-width: 1620px) 100vw, 1620px\" \/><\/a>\n\t\t\t<\/dt><\/dl><dl class='gallery-item'>\n\t\t\t<dt class='gallery-icon landscape'>\n\t\t\t\t<a href='https:\/\/www.ffw-heubach.de\/wp-content\/uploads\/2018\/07\/2018-07-Berufsfeuerwehrwochenende-JF-Heubach-8.jpg'><img loading=\"lazy\" decoding=\"async\" width=\"1620\" height=\"1080\" src=\"https:\/\/www.ffw-heubach.de\/wp-content\/uploads\/2018\/07\/2018-07-Berufsfeuerwehrwochenende-JF-Heubach-8-1620x1080.jpg\" class=\"attachment-medium size-medium\" alt=\"\" srcset=\"https:\/\/www.ffw-heubach.de\/wp-content\/uploads\/2018\/07\/2018-07-Berufsfeuerwehrwochenende-JF-Heubach-8-1620x1080.jpg 1620w, https:\/\/www.ffw-heubach.de\/wp-content\/uploads\/2018\/07\/2018-07-Berufsfeuerwehrwochenende-JF-Heubach-8-768x512.jpg 768w\" sizes=\"auto, (max-width: 1620px) 100vw, 1620px\" \/><\/a>\n\t\t\t<\/dt><\/dl><dl class='gallery-item'>\n\t\t\t<dt class='gallery-icon landscape'>\n\t\t\t\t<a href='https:\/\/www.ffw-heubach.de\/wp-content\/uploads\/2018\/07\/2018-07-Berufsfeuerwehrwochenende-JF-Heubach-27.jpg'><img loading=\"lazy\" decoding=\"async\" width=\"1620\" height=\"1080\" src=\"https:\/\/www.ffw-heubach.de\/wp-content\/uploads\/2018\/07\/2018-07-Berufsfeuerwehrwochenende-JF-Heubach-27-1620x1080.jpg\" class=\"attachment-medium size-medium\" alt=\"\" srcset=\"https:\/\/www.ffw-heubach.de\/wp-content\/uploads\/2018\/07\/2018-07-Berufsfeuerwehrwochenende-JF-Heubach-27-1620x1080.jpg 1620w, https:\/\/www.ffw-heubach.de\/wp-content\/uploads\/2018\/07\/2018-07-Berufsfeuerwehrwochenende-JF-Heubach-27-768x512.jpg 768w\" sizes=\"auto, (max-width: 1620px) 100vw, 1620px\" \/><\/a>\n\t\t\t<\/dt><\/dl><br style=\"clear: both\" \/><dl class='gallery-item'>\n\t\t\t<dt class='gallery-icon landscape'>\n\t\t\t\t<a href='https:\/\/www.ffw-heubach.de\/wp-content\/uploads\/2018\/07\/2018-07-Berufsfeuerwehrwochenende-JF-Heubach-36.jpg'><img loading=\"lazy\" decoding=\"async\" width=\"1620\" height=\"1080\" src=\"https:\/\/www.ffw-heubach.de\/wp-content\/uploads\/2018\/07\/2018-07-Berufsfeuerwehrwochenende-JF-Heubach-36-1620x1080.jpg\" class=\"attachment-medium size-medium\" alt=\"\" srcset=\"https:\/\/www.ffw-heubach.de\/wp-content\/uploads\/2018\/07\/2018-07-Berufsfeuerwehrwochenende-JF-Heubach-36-1620x1080.jpg 1620w, https:\/\/www.ffw-heubach.de\/wp-content\/uploads\/2018\/07\/2018-07-Berufsfeuerwehrwochenende-JF-Heubach-36-768x512.jpg 768w\" sizes=\"auto, (max-width: 1620px) 100vw, 1620px\" \/><\/a>\n\t\t\t<\/dt><\/dl><dl class='gallery-item'>\n\t\t\t<dt class='gallery-icon landscape'>\n\t\t\t\t<a href='https:\/\/www.ffw-heubach.de\/wp-content\/uploads\/2018\/07\/2018-07-Berufsfeuerwehrwochenende-JF-Heubach-47.jpg'><img loading=\"lazy\" decoding=\"async\" width=\"1620\" height=\"1080\" src=\"https:\/\/www.ffw-heubach.de\/wp-content\/uploads\/2018\/07\/2018-07-Berufsfeuerwehrwochenende-JF-Heubach-47-1620x1080.jpg\" class=\"attachment-medium size-medium\" alt=\"\" srcset=\"https:\/\/www.ffw-heubach.de\/wp-content\/uploads\/2018\/07\/2018-07-Berufsfeuerwehrwochenende-JF-Heubach-47-1620x1080.jpg 1620w, https:\/\/www.ffw-heubach.de\/wp-content\/uploads\/2018\/07\/2018-07-Berufsfeuerwehrwochenende-JF-Heubach-47-768x512.jpg 768w\" sizes=\"auto, (max-width: 1620px) 100vw, 1620px\" \/><\/a>\n\t\t\t<\/dt><\/dl>\n\t\t\t<br style='clear: both' \/>\n\t\t<\/div>\n\n<p>&nbsp;<\/p>\n","protected":false},"excerpt":{"rendered":"<p>Jugendfeuerwehr versetzt sich in den Alltag der Berufsretter HEUBACH:\u00a0Am Freitag den 20.07.2018 hie\u00df es f\u00fcr 18 Mitglieder der Jugendfeuerwehr Heubach ,,Dienstbeginn\u201d. Hintergrund war das stattfindende Berufsfeuerwehrwochenende, bei dem unser Nachwuchs ein Wochenende wie bei einer echten Berufsfeuerwehr verbringt. P\u00fcnktlich um 19:00 standen alle Jugendfeuerwehrleute sowie die Betreuer im Ger\u00e4tehaus bereit. Nach der Einteilung auf die [&hellip;]<\/p>\n","protected":false},"author":1,"featured_media":2201,"comment_status":"closed","ping_status":"closed","sticky":false,"template":"","format":"standard","meta":{"jetpack_post_was_ever_published":false,"_jetpack_newsletter_access":"","_jetpack_dont_email_post_to_subs":false,"_jetpack_newsletter_tier_id":0,"_jetpack_memberships_contains_paywalled_content":false,"_jetpack_memberships_contains_paid_content":false,"footnotes":"","jetpack_publicize_message":"","jetpack_publicize_feature_enabled":true,"jetpack_social_post_already_shared":true,"jetpack_social_options":{"image_generator_settings":{"template":"highway","default_image_id":0,"font":"","enabled":false},"version":2}},"categories":[44,45],"tags":[],"class_list":["post-2151","post","type-post","status-publish","format-standard","has-post-thumbnail","hentry","category-news-jf","category-slider"],"jetpack_publicize_connections":[],"jetpack_featured_media_url":"https:\/\/www.ffw-heubach.de\/wp-content\/uploads\/2018\/07\/GruppenbildJugendfeuerwehrHeubach2018.jpg","jetpack_sharing_enabled":true,"jetpack_shortlink":"https:\/\/wp.me\/p9MGZH-yH","_links":{"self":[{"href":"https:\/\/www.ffw-heubach.de\/index.php?rest_route=\/wp\/v2\/posts\/2151","targetHints":{"allow":["GET"]}}],"collection":[{"href":"https:\/\/www.ffw-heubach.de\/index.php?rest_route=\/wp\/v2\/posts"}],"about":[{"href":"https:\/\/www.ffw-heubach.de\/index.php?rest_route=\/wp\/v2\/types\/post"}],"author":[{"embeddable":true,"href":"https:\/\/www.ffw-heubach.de\/index.php?rest_route=\/wp\/v2\/users\/1"}],"replies":[{"embeddable":true,"href":"https:\/\/www.ffw-heubach.de\/index.php?rest_route=%2Fwp%2Fv2%2Fcomments&post=2151"}],"version-history":[{"count":7,"href":"https:\/\/www.ffw-heubach.de\/index.php?rest_route=\/wp\/v2\/posts\/2151\/revisions"}],"predecessor-version":[{"id":2208,"href":"https:\/\/www.ffw-heubach.de\/index.php?rest_route=\/wp\/v2\/posts\/2151\/revisions\/2208"}],"wp:featuredmedia":[{"embeddable":true,"href":"https:\/\/www.ffw-heubach.de\/index.php?rest_route=\/wp\/v2\/media\/2201"}],"wp:attachment":[{"href":"https:\/\/www.ffw-heubach.de\/index.php?rest_route=%2Fwp%2Fv2%2Fmedia&parent=2151"}],"wp:term":[{"taxonomy":"category","embeddable":true,"href":"https:\/\/www.ffw-heubach.de\/index.php?rest_route=%2Fwp%2Fv2%2Fcategories&post=2151"},{"taxonomy":"post_tag","embeddable":true,"href":"https:\/\/www.ffw-heubach.de\/index.php?rest_route=%2Fwp%2Fv2%2Ftags&post=2151"}],"curies":[{"name":"wp","href":"https:\/\/api.w.org\/{rel}","templated":true}]}}